{"id":18066,"date":"2021-10-01T16:15:37","date_gmt":"2021-10-01T14:15:37","guid":{"rendered":"https:\/\/blog.bibliothek.kit.edu\/kit_bib_news\/?p=18066"},"modified":"2021-10-01T15:57:37","modified_gmt":"2021-10-01T13:57:37","slug":"feierliche-enthuellung-der-fahne-des-esa-astronauten-und-kit-alumnus-alexander-gerst-in-der-kit-bibliothek","status":"publish","type":"post","link":"https:\/\/blog.bibliothek.kit.edu\/kit_bib_news\/index.php\/2021\/10\/01\/feierliche-enthuellung-der-fahne-des-esa-astronauten-und-kit-alumnus-alexander-gerst-in-der-kit-bibliothek\/","title":{"rendered":"Feierliche Enth\u00fcllung der Fahne des ESA-Astronauten und KIT-Alumnus Alexander Gerst in der KIT-Bibliothek"},"content":{"rendered":"<p>166 Tage waren sie gemeinsam unterwegs: Eine Fahne, knapp 100 Gramm leicht, mit dem Logo des Karlsruher Instituts f\u00fcr Technologie (KIT) begleitete den ESA-Astronauten und Alumnus des KIT Alexander Gerst 2014 auf seiner ersten gro\u00dfen Reise in den Weltraum. 2019 brachte er sie zur\u00fcck nach Karlsruhe.<\/p>\n<p>Die Reise der Fahne ist nun beendet, und sie fand einen Ehrenplatz in der Bibliothek am Campus S\u00fcd des KIT.<\/p>\n<p><a href=\"https:\/\/blog.bibliothek.kit.edu\/kit_bib_news\/wp-content\/uploads\/2999\/10\/IMG_6545-scaled.jpg\"><img loading=\"lazy\" decoding=\"async\" class=\"alignnone  wp-image-18069\" src=\"https:\/\/blog.bibliothek.kit.edu\/kit_bib_news\/wp-content\/uploads\/2999\/10\/IMG_6545-scaled.jpg\" alt=\"\" width=\"659\" height=\"526\" srcset=\"https:\/\/blog.bibliothek.kit.edu\/kit_bib_news\/wp-content\/uploads\/2999\/10\/IMG_6545-scaled.jpg 2560w, https:\/\/blog.bibliothek.kit.edu\/kit_bib_news\/wp-content\/uploads\/2999\/10\/IMG_6545-768x613.jpg 768w, https:\/\/blog.bibliothek.kit.edu\/kit_bib_news\/wp-content\/uploads\/2999\/10\/IMG_6545-1536x1227.jpg 1536w, https:\/\/blog.bibliothek.kit.edu\/kit_bib_news\/wp-content\/uploads\/2999\/10\/IMG_6545-2048x1636.jpg 2048w, https:\/\/blog.bibliothek.kit.edu\/kit_bib_news\/wp-content\/uploads\/2999\/10\/IMG_6545-100x80.jpg 100w, https:\/\/blog.bibliothek.kit.edu\/kit_bib_news\/wp-content\/uploads\/2999\/10\/IMG_6545-150x120.jpg 150w, https:\/\/blog.bibliothek.kit.edu\/kit_bib_news\/wp-content\/uploads\/2999\/10\/IMG_6545-200x160.jpg 200w, https:\/\/blog.bibliothek.kit.edu\/kit_bib_news\/wp-content\/uploads\/2999\/10\/IMG_6545-300x240.jpg 300w, https:\/\/blog.bibliothek.kit.edu\/kit_bib_news\/wp-content\/uploads\/2999\/10\/IMG_6545-450x359.jpg 450w, https:\/\/blog.bibliothek.kit.edu\/kit_bib_news\/wp-content\/uploads\/2999\/10\/IMG_6545-600x479.jpg 600w, https:\/\/blog.bibliothek.kit.edu\/kit_bib_news\/wp-content\/uploads\/2999\/10\/IMG_6545-900x719.jpg 900w\" sizes=\"auto, (max-width: 659px) 100vw, 659px\" \/><\/a><\/p>\n<p>Im Foyer der KIT-Bibliothek S\u00fcd wurde heute die Fahne im Beisein von Herrn Professor Hanselka, dem Pr\u00e4sidenten des KIT, Herrn Dr. Arne Upmeier, dem Leiter der KIT-Bibliothek, und Herrn Professor em. Friedemann Wenzel, dem Betreuer der Diplomarbeit von Herrn Dr. Gerst, feierlich enth\u00fcllt. Herrn Dr. Gerst schickte zu dieser Gelegenheit <a href=\"https:\/\/publikationen.bibliothek.kit.edu\/1000136856\">eine pers\u00f6nliche Videobotschaft<\/a>\u00a0an die Studierenden.<\/p>\n<p>**** Dieser Text basiert in Teilen auf der offiziellen Pressemitteilung des KIT zu dieser Veranstaltung. *****<\/p>\n","protected":false},"excerpt":{"rendered":"<p>166 Tage waren sie gemeinsam unterwegs: Eine Fahne, knapp 100 Gramm leicht, mit dem Logo des Karlsruher Instituts f\u00fcr Technologie (KIT) begleitete den ESA-Astronauten und Alumnus des KIT Alexander Gerst 2014 auf seiner ersten gro\u00dfen Reise in den Weltraum. 2019 brachte er sie zur\u00fcck nach Karlsruhe.<\/p>\n<p><span class=\"ellipsis\">&hellip;<\/span><\/p>\n<div class=\"read-more\"><a href=\"https:\/\/blog.bibliothek.kit.edu\/kit_bib_news\/index.php\/2021\/10\/01\/feierliche-enthuellung-der-fahne-des-esa-astronauten-und-kit-alumnus-alexander-gerst-in-der-kit-bibliothek\/\">Weiterlesen &#8250;<\/a><\/div>\n<p><!-- end of .read-more --><\/p>\n","protected":false},"author":17,"featured_media":0,"comment_status":"closed","ping_status":"closed","sticky":false,"template":"","format":"standard","meta":{"footnotes":""},"categories":[1,11,8],"tags":[],"class_list":["post-18066","post","type-post","status-publish","format-standard","hentry","category-aktuelles","category-kit-bs","category-medienecho"],"_links":{"self":[{"href":"https:\/\/blog.bibliothek.kit.edu\/kit_bib_news\/index.php\/wp-json\/wp\/v2\/posts\/18066","targetHints":{"allow":["GET"]}}],"collection":[{"href":"https:\/\/blog.bibliothek.kit.edu\/kit_bib_news\/index.php\/wp-json\/wp\/v2\/posts"}],"about":[{"href":"https:\/\/blog.bibliothek.kit.edu\/kit_bib_news\/index.php\/wp-json\/wp\/v2\/types\/post"}],"author":[{"embeddable":true,"href":"https:\/\/blog.bibliothek.kit.edu\/kit_bib_news\/index.php\/wp-json\/wp\/v2\/users\/17"}],"replies":[{"embeddable":true,"href":"https:\/\/blog.bibliothek.kit.edu\/kit_bib_news\/index.php\/wp-json\/wp\/v2\/comments?post=18066"}],"version-history":[{"count":2,"href":"https:\/\/blog.bibliothek.kit.edu\/kit_bib_news\/index.php\/wp-json\/wp\/v2\/posts\/18066\/revisions"}],"predecessor-version":[{"id":18070,"href":"https:\/\/blog.bibliothek.kit.edu\/kit_bib_news\/index.php\/wp-json\/wp\/v2\/posts\/18066\/revisions\/18070"}],"wp:attachment":[{"href":"https:\/\/blog.bibliothek.kit.edu\/kit_bib_news\/index.php\/wp-json\/wp\/v2\/media?parent=18066"}],"wp:term":[{"taxonomy":"category","embeddable":true,"href":"https:\/\/blog.bibliothek.kit.edu\/kit_bib_news\/index.php\/wp-json\/wp\/v2\/categories?post=18066"},{"taxonomy":"post_tag","embeddable":true,"href":"https:\/\/blog.bibliothek.kit.edu\/kit_bib_news\/index.php\/wp-json\/wp\/v2\/tags?post=18066"}],"curies":[{"name":"wp","href":"https:\/\/api.w.org\/{rel}","templated":true}]}}