{"id":735,"date":"2010-10-12T13:39:54","date_gmt":"2010-10-12T11:39:54","guid":{"rendered":"http:\/\/blog.bibliothek.kit.edu\/kit_bib_news\/?p=735"},"modified":"2019-08-14T10:54:24","modified_gmt":"2019-08-14T08:54:24","slug":"open-access-week-am-kit","status":"publish","type":"post","link":"https:\/\/blog.bibliothek.kit.edu\/kit_bib_news\/index.php\/2010\/10\/12\/open-access-week-am-kit\/","title":{"rendered":"Open Access Week am KIT"},"content":{"rendered":"<p><a href=\"http:\/\/open-access.net\/de\/aktivitaeten\/internationale_open_access_week\/\"><img loading=\"lazy\" decoding=\"async\" class=\"alignleft size-full wp-image-744\" style=\"border: 1px solid black; margin: 4px;\" title=\"Open Access Week\" src=\"http:\/\/blog.bibliothek.kit.edu\/kit_bib_news\/wp-content\/uploads\/2010\/10\/oa.jpg\" alt=\"Open Access Week\" width=\"89\" height=\"71\" \/><\/a>In diesem Jahr findet die j\u00e4hrlich stattfindende <a href=\"http:\/\/open-access.net\/de\/aktivitaeten\/internationale_open_access_week\/\" target=\"_blank\" rel=\"noopener noreferrer\">internationale Open Access Week<\/a> vom 18. &#8211; 24. Oktober statt. Ziel ist es, das Thema Open Access weltweit an vielen verschiedenen Orten w\u00e4hrend dieser Woche lokal aufzugreifen, um f\u00fcr den freien Zugang zu Wissen und Information aus \u00f6ffentlich gef\u00f6rderter Forschung zu werben und zu informieren.<\/p>\n<p>Die internationale Open Access Week wird von SPARC (Scholarly Publishing &amp; Academic Resources Coalition), PLoS (Public Library of Science), Students for FreeCulture, OASIS (Open Access Scholarly Information Sourcebook), Open Access Directory (OAD) und eIFL.net (Electronic Information for Libraries) organisiert.<\/p>\n<p>Die KIT-Bibliothek beteiligt sich mit folgenden Aktivit\u00e4ten:<\/p>\n<ul>\n<li>Tag der offenen T\u00fcr im Open Access Verlag <a href=\"http:\/\/www.ksp.kit.edu\/\" target=\"_blank\" rel=\"noopener noreferrer\">KIT Scientific Publishing<\/a><br \/>\nOrt: KIT-Bibliothek S\u00fcd, 5. OG, Zimmer 523,<br \/>\nZeit: Dienstag, 19. Oktober, 9 &#8211; 16 Uhr<\/li>\n<\/ul>\n<ul>\n<li>Vortrag zu &#8220;Open Access und Publikationsmanagement am KIT&#8221;<br \/>\nOrt: KIT-Bibliothek S\u00fcd, <a href=\"http:\/\/www.ubka.uni-karlsruhe.de\/allg\/plaene\/og_3.html\">Vortragsraum, 3.OG Neubau<\/a><br \/>\nZeit: Mittwoch, 20. Oktober, 14.30 Uhr<br \/>\nReferentin: Regine Tobias, Verlagsleiterin KIT Scientific Publishing<\/li>\n<\/ul>\n<ul>\n<li> Online-Webinar: &#8220;Science is open: an introduction to open access&#8221;<br \/>\nTermin: Mittwoch, 20. Oktober, 15 &#8211; 15.30 Uhr und Donnerstag, 21. Oktober, 11 &#8211; 11.30 Uhr<br \/>\nAnmeldung f\u00fcr das Online-Seminar unter:<br \/>\n<a href=\"http:\/\/oa.helmholtz.de\/index.php?id=289\">http:\/\/oa.helmholtz.de\/index.php?id=289<\/a><\/li>\n<\/ul>\n<ul>\n<li>Video zu Open Access<br \/>\n<a href=\"http:\/\/www.youtube.com\/watch?v=GnYhialJ648\" target=\"_blank\" rel=\"noopener noreferrer\">Dieses Video<\/a> wurde aus Anlass der Pr\u00e4sentation der Open Access Plattform aus den Geisteswissenschaften OAPEN (Open Access Publishing in European Networks) zur Buchmesse in Frankfurt pr\u00e4sentiert. Das Video l\u00e4uft w\u00e4hrend der Open Access Week auf den Multimedia-S\u00e4ulen in der KIT-Bibliothek S\u00fcd.<\/li>\n<\/ul>\n","protected":false},"excerpt":{"rendered":"<p><a href=\"http:\/\/open-access.net\/de\/aktivitaeten\/internationale_open_access_week\/\"><img loading=\"lazy\" decoding=\"async\" class=\"alignleft size-full wp-image-744\" style=\"border: 1px solid black; margin: 4px;\" title=\"Open Access Week\" src=\"http:\/\/blog.bibliothek.kit.edu\/kit_bib_news\/wp-content\/uploads\/2010\/10\/oa.jpg\" alt=\"Open Access Week\" width=\"89\" height=\"71\" \/><\/a>In diesem Jahr findet die j\u00e4hrlich stattfindende <a href=\"http:\/\/open-access.net\/de\/aktivitaeten\/internationale_open_access_week\/\" target=\"_blank\" rel=\"noopener noreferrer\">internationale Open Access Week<\/a> vom 18. &#8211; 24. Oktober statt. Ziel ist es, das Thema Open Access weltweit an vielen verschiedenen Orten w\u00e4hrend dieser Woche lokal aufzugreifen, um f\u00fcr den freien Zugang zu Wissen und Information aus \u00f6ffentlich gef\u00f6rderter Forschung zu werben und zu informieren.<\/p>\n<p><span class=\"ellipsis\">&hellip;<\/span><\/p>\n<div class=\"read-more\"><a href=\"https:\/\/blog.bibliothek.kit.edu\/kit_bib_news\/index.php\/2010\/10\/12\/open-access-week-am-kit\/\">Weiterlesen &#8250;<\/a><\/div>\n<p><!-- end of .read-more --><\/p>\n","protected":false},"author":2,"featured_media":0,"comment_status":"closed","ping_status":"closed","sticky":false,"template":"","format":"standard","meta":{"footnotes":""},"categories":[1,4,5,30,12,11,28,9],"tags":[],"class_list":["post-735","post","type-post","status-publish","format-standard","hentry","category-aktuelles","category-buecher","category-etexte","category-ksp","category-kit-bn","category-kit-bs","category-open-access-bibliometrie","category-personen"],"_links":{"self":[{"href":"https:\/\/blog.bibliothek.kit.edu\/kit_bib_news\/index.php\/wp-json\/wp\/v2\/posts\/735","targetHints":{"allow":["GET"]}}],"collection":[{"href":"https:\/\/blog.bibliothek.kit.edu\/kit_bib_news\/index.php\/wp-json\/wp\/v2\/posts"}],"about":[{"href":"https:\/\/blog.bibliothek.kit.edu\/kit_bib_news\/index.php\/wp-json\/wp\/v2\/types\/post"}],"author":[{"embeddable":true,"href":"https:\/\/blog.bibliothek.kit.edu\/kit_bib_news\/index.php\/wp-json\/wp\/v2\/users\/2"}],"replies":[{"embeddable":true,"href":"https:\/\/blog.bibliothek.kit.edu\/kit_bib_news\/index.php\/wp-json\/wp\/v2\/comments?post=735"}],"version-history":[{"count":0,"href":"https:\/\/blog.bibliothek.kit.edu\/kit_bib_news\/index.php\/wp-json\/wp\/v2\/posts\/735\/revisions"}],"wp:attachment":[{"href":"https:\/\/blog.bibliothek.kit.edu\/kit_bib_news\/index.php\/wp-json\/wp\/v2\/media?parent=735"}],"wp:term":[{"taxonomy":"category","embeddable":true,"href":"https:\/\/blog.bibliothek.kit.edu\/kit_bib_news\/index.php\/wp-json\/wp\/v2\/categories?post=735"},{"taxonomy":"post_tag","embeddable":true,"href":"https:\/\/blog.bibliothek.kit.edu\/kit_bib_news\/index.php\/wp-json\/wp\/v2\/tags?post=735"}],"curies":[{"name":"wp","href":"https:\/\/api.w.org\/{rel}","templated":true}]}}